{"id":318,"date":"2024-11-24T10:47:42","date_gmt":"2024-11-24T10:47:42","guid":{"rendered":"https:\/\/pferdefreunde-stgeorg.de\/?p=318"},"modified":"2024-11-24T10:47:42","modified_gmt":"2024-11-24T10:47:42","slug":"weihnachtsfeier-2024","status":"publish","type":"post","link":"https:\/\/pferdefreunde-stgeorg.de\/?p=318","title":{"rendered":"Weihnachtsfeier 2024"},"content":{"rendered":"\n<p>Liebe Vereinsmitglieder,<\/p>\n\n\n\n<p>dieses Jahr m\u00f6chten wir euch herzlich zu unserer Weihnachtsfeier am 14.12.2024 um 18:00 Uhr in die Trattoria Isola zu einem 3-G\u00e4nge-Weihnachtsessen einladen. Wir freuen uns einen sch\u00f6nen Abend mit Euch!<\/p>\n\n\n\n<p>Das Essen ist f\u00fcr Vereinsmitglieder unter 14 Jahre kostenlos, ab 14 Jahre 15\u20ac. F\u00fcr Begleitpersonen\/Nicht-Mitglieder kostet das Essen 35\u20ac. Getr\u00e4nke bezahlt jeder am Abend selbst.<\/p>\n\n\n\n<p>Anmeldungen bitte zur Planung bis zum 04.12.2024 an pferdefreundestgeorg@gmail.com.<\/p>\n\n\n\n<p><\/p>\n\n\n\n<p><\/p>\n","protected":false},"excerpt":{"rendered":"<p>Liebe Vereinsmitglieder, dieses Jahr m\u00f6chten wir euch herzlich zu unserer Weihnachtsfeier am 14.12.2024 um 18:00 Uhr in die Trattoria Isola zu einem 3-G\u00e4nge-Weihnachtsessen einladen. Wir freuen uns einen sch\u00f6nen Abend mit Euch! Das Essen ist f\u00fcr Vereinsmitglieder unter 14 Jahre kostenlos, ab 14 Jahre 15\u20ac. F\u00fcr Begleitpersonen\/Nicht-Mitglieder kostet das Essen 35\u20ac. Getr\u00e4nke bezahlt jeder am &hellip; <\/p>\n<p class=\"link-more\"><a href=\"https:\/\/pferdefreunde-stgeorg.de\/?p=318\" class=\"more-link\"><span class=\"screen-reader-text\">\u201eWeihnachtsfeier 2024\u201c <\/span>weiterlesen<\/a><\/p>\n","protected":false},"author":1,"featured_media":0,"comment_status":"open","ping_status":"open","sticky":false,"template":"","format":"standard","meta":{"footnotes":""},"categories":[4,3],"tags":[23,22],"class_list":["post-318","post","type-post","status-publish","format-standard","hentry","category-aktuelles","category-termine","tag-weihnachten","tag-weihnachtsfeier"],"_links":{"self":[{"href":"https:\/\/pferdefreunde-stgeorg.de\/index.php?rest_route=\/wp\/v2\/posts\/318","targetHints":{"allow":["GET"]}}],"collection":[{"href":"https:\/\/pferdefreunde-stgeorg.de\/index.php?rest_route=\/wp\/v2\/posts"}],"about":[{"href":"https:\/\/pferdefreunde-stgeorg.de\/index.php?rest_route=\/wp\/v2\/types\/post"}],"author":[{"embeddable":true,"href":"https:\/\/pferdefreunde-stgeorg.de\/index.php?rest_route=\/wp\/v2\/users\/1"}],"replies":[{"embeddable":true,"href":"https:\/\/pferdefreunde-stgeorg.de\/index.php?rest_route=%2Fwp%2Fv2%2Fcomments&post=318"}],"version-history":[{"count":1,"href":"https:\/\/pferdefreunde-stgeorg.de\/index.php?rest_route=\/wp\/v2\/posts\/318\/revisions"}],"predecessor-version":[{"id":319,"href":"https:\/\/pferdefreunde-stgeorg.de\/index.php?rest_route=\/wp\/v2\/posts\/318\/revisions\/319"}],"wp:attachment":[{"href":"https:\/\/pferdefreunde-stgeorg.de\/index.php?rest_route=%2Fwp%2Fv2%2Fmedia&parent=318"}],"wp:term":[{"taxonomy":"category","embeddable":true,"href":"https:\/\/pferdefreunde-stgeorg.de\/index.php?rest_route=%2Fwp%2Fv2%2Fcategories&post=318"},{"taxonomy":"post_tag","embeddable":true,"href":"https:\/\/pferdefreunde-stgeorg.de\/index.php?rest_route=%2Fwp%2Fv2%2Ftags&post=318"}],"curies":[{"name":"wp","href":"https:\/\/api.w.org\/{rel}","templated":true}]}}