{"id":373,"date":"2026-03-01T19:26:34","date_gmt":"2026-03-01T19:26:34","guid":{"rendered":"https:\/\/pferdefreunde-stgeorg.de\/?p=373"},"modified":"2026-03-25T06:39:46","modified_gmt":"2026-03-25T06:39:46","slug":"wbo-turnier-am-28-03-2026","status":"publish","type":"post","link":"https:\/\/pferdefreunde-stgeorg.de\/?p=373","title":{"rendered":"WBO-Turnier am 28.03.2026"},"content":{"rendered":"\n<p>Am 28.03.2026 findet unser diesj\u00e4hriges WBO-Turnier zur&nbsp; F\u00f6rderung des Reitsport-Nachwuchses&nbsp;statt. Wir planen Pr\u00fcfungen im Springen und in der Dressur. Angefangen von gef\u00fchrten Pr\u00fcfungen wie einer F\u00fchrz\u00fcgelklasse und einem 35 cm Spring-WB f\u00fcr die Kleinsten bis zu Pr\u00fcfungen der Klasse A. Dieses Jahr finden erstmals auch Wertungspr\u00fcfungen f\u00fcr die Kreismeisterschaft in LK 7 statt sowie des&nbsp;Nachwuchs-Mannschafts-Cups des KPSV D\u00fcren.&nbsp;<\/p>\n\n\n\n<p><a href=\"http:\/\/pferdefreunde-stgeorg.de\/wp-content\/uploads\/2026\/03\/260324-Zeiteinteilung.pdf\" data-type=\"link\" data-id=\"http:\/\/pferdefreunde-stgeorg.de\/wp-content\/uploads\/2026\/03\/260324-Zeiteinteilung.pdf\">Zeiteint<\/a><a href=\"http:\/\/pferdefreunde-stgeorg.de\/wp-content\/uploads\/2026\/03\/260324-Zeiteinteilung.pdf\" data-type=\"link\" data-id=\"http:\/\/pferdefreunde-stgeorg.de\/wp-content\/uploads\/2026\/03\/260324-Zeiteinteilung.pdf\" target=\"_blank\" rel=\"noreferrer noopener\">e<\/a><a href=\"http:\/\/pferdefreunde-stgeorg.de\/wp-content\/uploads\/2026\/03\/260324-Zeiteinteilung.pdf\" data-type=\"link\" data-id=\"http:\/\/pferdefreunde-stgeorg.de\/wp-content\/uploads\/2026\/03\/260324-Zeiteinteilung.pdf\">ilung<\/a><\/p>\n\n\n\n<p><a href=\"http:\/\/pferdefreunde-stgeorg.de\/wp-content\/uploads\/2024\/04\/Wegbeschreibung.pdf\" target=\"_blank\" rel=\"noreferrer noopener\">Wegbeschreibung<\/a><\/p>\n\n\n\n<p><a href=\"http:\/\/pferdefreunde-stgeorg.de\/wp-content\/uploads\/2026\/03\/EIA-VO-Register_Erfassung_Informationen-Pferdehalter_final-PSVR.pdf\" data-type=\"link\" data-id=\"http:\/\/pferdefreunde-stgeorg.de\/wp-content\/uploads\/2026\/03\/EIA-VO-Register_Erfassung_Informationen-Pferdehalter_final-PSVR.pdf\" target=\"_blank\" rel=\"noreferrer noopener\">Formular Blutarmut<\/a><\/p>\n\n\n\n<p><a href=\"http:\/\/pferdefreunde-stgeorg.de\/wp-content\/uploads\/2026\/03\/MANNSCHAFTSFORMULAR-DRESSUR.pdf\" target=\"_blank\" rel=\"noreferrer noopener\">MANNSCHAFTSFORMULAR-DRESSUR<\/a><\/p>\n\n\n\n<p>Wir bedanken uns bei unseren Sponsoren, die eine solche Veranstaltung erst m\u00f6glich machen:<\/p>\n\n\n\n<ul class=\"wp-block-list\">\n<li><a href=\"https:\/\/tierheilkunde-beyer.de\/\">Pferd in Form<\/a><\/li>\n\n\n\n<li><a href=\"https:\/\/www.equiva.com\/stores\/erkelenz\">Equiva Erkelenz<\/a><\/li>\n\n\n\n<li><a href=\"https:\/\/www.lexa-pferdefutter.de\/\">lexa-pferdefutter<\/a><\/li>\n\n\n\n<li><a href=\"https:\/\/kavalio.de\/?srsltid=AfmBOopyiy1LzJoMdpgyNnr6CisyoOx9SY4D3cVQsq3MTKNQDV6jfZjM\">Kavalio<\/a> <\/li>\n\n\n\n<li><a href=\"http:\/\/www.loesdau.de\">LOESDAU<\/a><\/li>\n\n\n\n<li><a href=\"https:\/\/www.heimtierbedarf-peters.de\/\">Peters und N\u00f6sen Heimtierbedarf<\/a><\/li>\n<\/ul>\n\n\n\n<div class=\"wp-block-columns is-layout-flex wp-container-core-columns-is-layout-9d6595d7 wp-block-columns-is-layout-flex\">\n<div class=\"wp-block-column is-layout-flow wp-block-column-is-layout-flow\" style=\"flex-basis:100%\">\n<div class=\"wp-block-columns is-layout-flex wp-container-core-columns-is-layout-9d6595d7 wp-block-columns-is-layout-flex\">\n<div class=\"wp-block-column is-layout-flow wp-block-column-is-layout-flow\" style=\"flex-basis:100%\">\n<figure class=\"wp-block-gallery has-nested-images columns-default is-cropped wp-block-gallery-1 is-layout-flex wp-block-gallery-is-layout-flex\">\n<figure class=\"wp-block-image size-large\"><img loading=\"lazy\" decoding=\"async\" width=\"887\" height=\"887\" data-id=\"397\" src=\"https:\/\/pferdefreunde-stgeorg.de\/wp-content\/uploads\/2026\/03\/PferinForm.png\" alt=\"\" class=\"wp-image-397\" srcset=\"https:\/\/pferdefreunde-stgeorg.de\/wp-content\/uploads\/2026\/03\/PferinForm.png 887w, https:\/\/pferdefreunde-stgeorg.de\/wp-content\/uploads\/2026\/03\/PferinForm-300x300.png 300w, https:\/\/pferdefreunde-stgeorg.de\/wp-content\/uploads\/2026\/03\/PferinForm-150x150.png 150w, https:\/\/pferdefreunde-stgeorg.de\/wp-content\/uploads\/2026\/03\/PferinForm-768x768.png 768w, https:\/\/pferdefreunde-stgeorg.de\/wp-content\/uploads\/2026\/03\/PferinForm-100x100.png 100w\" sizes=\"auto, (max-width: 767px) 89vw, (max-width: 1000px) 54vw, (max-width: 1071px) 543px, 580px\" \/><\/figure>\n\n\n\n<figure class=\"wp-block-image size-large\"><img loading=\"lazy\" decoding=\"async\" width=\"256\" height=\"215\" data-id=\"382\" src=\"https:\/\/pferdefreunde-stgeorg.de\/wp-content\/uploads\/2026\/03\/LEXA_LOGO_100_JAHRE_256.webp\" alt=\"\" class=\"wp-image-382\"\/><\/figure>\n\n\n\n<figure class=\"wp-block-image size-large\"><img loading=\"lazy\" decoding=\"async\" width=\"1024\" height=\"1024\" data-id=\"290\" src=\"https:\/\/pferdefreunde-stgeorg.de\/wp-content\/uploads\/2024\/03\/insta-post-2-1024x1024.png\" alt=\"\" class=\"wp-image-290\" srcset=\"https:\/\/pferdefreunde-stgeorg.de\/wp-content\/uploads\/2024\/03\/insta-post-2-1024x1024.png 1024w, https:\/\/pferdefreunde-stgeorg.de\/wp-content\/uploads\/2024\/03\/insta-post-2-300x300.png 300w, https:\/\/pferdefreunde-stgeorg.de\/wp-content\/uploads\/2024\/03\/insta-post-2-150x150.png 150w, https:\/\/pferdefreunde-stgeorg.de\/wp-content\/uploads\/2024\/03\/insta-post-2-768x768.png 768w, https:\/\/pferdefreunde-stgeorg.de\/wp-content\/uploads\/2024\/03\/insta-post-2-100x100.png 100w, https:\/\/pferdefreunde-stgeorg.de\/wp-content\/uploads\/2024\/03\/insta-post-2.png 1070w\" sizes=\"auto, (max-width: 767px) 89vw, (max-width: 1000px) 54vw, (max-width: 1071px) 543px, 580px\" \/><\/figure>\n<\/figure>\n\n\n\n<figure class=\"wp-block-image size-full is-resized\"><img loading=\"lazy\" decoding=\"async\" width=\"240\" height=\"82\" src=\"http:\/\/pferdefreunde-stgeorg.de\/wp-content\/uploads\/2026\/03\/heimtierbedarf-peters_logo-238w.webp\" alt=\"\" class=\"wp-image-398\" style=\"width:674px;height:auto\"\/><\/figure>\n<\/div>\n<\/div>\n\n\n\n<figure class=\"wp-block-image size-large\"><img loading=\"lazy\" decoding=\"async\" width=\"1024\" height=\"221\" src=\"http:\/\/pferdefreunde-stgeorg.de\/wp-content\/uploads\/2026\/03\/kavalio-logo-RGB-1024x221.png\" alt=\"\" class=\"wp-image-383\" style=\"aspect-ratio:4.633795251906757\" srcset=\"https:\/\/pferdefreunde-stgeorg.de\/wp-content\/uploads\/2026\/03\/kavalio-logo-RGB-1024x221.png 1024w, https:\/\/pferdefreunde-stgeorg.de\/wp-content\/uploads\/2026\/03\/kavalio-logo-RGB-300x65.png 300w, https:\/\/pferdefreunde-stgeorg.de\/wp-content\/uploads\/2026\/03\/kavalio-logo-RGB-768x166.png 768w, https:\/\/pferdefreunde-stgeorg.de\/wp-content\/uploads\/2026\/03\/kavalio-logo-RGB.png 1418w\" sizes=\"auto, (max-width: 767px) 89vw, (max-width: 1000px) 54vw, (max-width: 1071px) 543px, 580px\" \/><\/figure>\n<\/div>\n<\/div>\n\n\n\n<figure class=\"wp-block-image size-full\"><img loading=\"lazy\" decoding=\"async\" width=\"225\" height=\"225\" src=\"http:\/\/pferdefreunde-stgeorg.de\/wp-content\/uploads\/2026\/03\/equiva-logo.png\" alt=\"\" class=\"wp-image-399\" srcset=\"https:\/\/pferdefreunde-stgeorg.de\/wp-content\/uploads\/2026\/03\/equiva-logo.png 225w, https:\/\/pferdefreunde-stgeorg.de\/wp-content\/uploads\/2026\/03\/equiva-logo-150x150.png 150w, https:\/\/pferdefreunde-stgeorg.de\/wp-content\/uploads\/2026\/03\/equiva-logo-100x100.png 100w\" sizes=\"auto, (max-width: 225px) 100vw, 225px\" \/><figcaption class=\"wp-element-caption\">Equiva Erkelenz<\/figcaption><\/figure>\n\n\n\n<h2 class=\"wp-block-heading\"><a href=\"http:\/\/pferdefreunde-stgeorg.de\/wp-content\/uploads\/2026\/03\/13026-WBO-Linnich.pdf\">Ausschreibung<\/a><br>&nbsp;<\/h2>\n\n\n\n<p><\/p>\n","protected":false},"excerpt":{"rendered":"<p>Am 28.03.2026 findet unser diesj\u00e4hriges WBO-Turnier zur&nbsp; F\u00f6rderung des Reitsport-Nachwuchses&nbsp;statt. Wir planen Pr\u00fcfungen im Springen und in der Dressur. Angefangen von gef\u00fchrten Pr\u00fcfungen wie einer F\u00fchrz\u00fcgelklasse und einem 35 cm Spring-WB f\u00fcr die Kleinsten bis zu Pr\u00fcfungen der Klasse A. Dieses Jahr finden erstmals auch Wertungspr\u00fcfungen f\u00fcr die Kreismeisterschaft in LK 7 statt sowie des&nbsp;Nachwuchs-Mannschafts-Cups &hellip; <\/p>\n<p class=\"link-more\"><a href=\"https:\/\/pferdefreunde-stgeorg.de\/?p=373\" class=\"more-link\"><span class=\"screen-reader-text\">\u201eWBO-Turnier am 28.03.2026\u201c <\/span>weiterlesen<\/a><\/p>\n","protected":false},"author":1,"featured_media":0,"comment_status":"closed","ping_status":"closed","sticky":true,"template":"","format":"standard","meta":{"footnotes":""},"categories":[4,3,1],"tags":[19,20],"class_list":["post-373","post","type-post","status-publish","format-standard","hentry","category-aktuelles","category-termine","category-uncategorized","tag-turnier","tag-vereinsturnier"],"_links":{"self":[{"href":"https:\/\/pferdefreunde-stgeorg.de\/index.php?rest_route=\/wp\/v2\/posts\/373","targetHints":{"allow":["GET"]}}],"collection":[{"href":"https:\/\/pferdefreunde-stgeorg.de\/index.php?rest_route=\/wp\/v2\/posts"}],"about":[{"href":"https:\/\/pferdefreunde-stgeorg.de\/index.php?rest_route=\/wp\/v2\/types\/post"}],"author":[{"embeddable":true,"href":"https:\/\/pferdefreunde-stgeorg.de\/index.php?rest_route=\/wp\/v2\/users\/1"}],"replies":[{"embeddable":true,"href":"https:\/\/pferdefreunde-stgeorg.de\/index.php?rest_route=%2Fwp%2Fv2%2Fcomments&post=373"}],"version-history":[{"count":15,"href":"https:\/\/pferdefreunde-stgeorg.de\/index.php?rest_route=\/wp\/v2\/posts\/373\/revisions"}],"predecessor-version":[{"id":409,"href":"https:\/\/pferdefreunde-stgeorg.de\/index.php?rest_route=\/wp\/v2\/posts\/373\/revisions\/409"}],"wp:attachment":[{"href":"https:\/\/pferdefreunde-stgeorg.de\/index.php?rest_route=%2Fwp%2Fv2%2Fmedia&parent=373"}],"wp:term":[{"taxonomy":"category","embeddable":true,"href":"https:\/\/pferdefreunde-stgeorg.de\/index.php?rest_route=%2Fwp%2Fv2%2Fcategories&post=373"},{"taxonomy":"post_tag","embeddable":true,"href":"https:\/\/pferdefreunde-stgeorg.de\/index.php?rest_route=%2Fwp%2Fv2%2Ftags&post=373"}],"curies":[{"name":"wp","href":"https:\/\/api.w.org\/{rel}","templated":true}]}}